{"id":26281,"date":"2017-03-23T11:18:38","date_gmt":"2017-03-23T10:18:38","guid":{"rendered":"https:\/\/www.autopistas.com\/jornada-dec-implantar-una-cultura-corporativa-centrada-en-el-client\/"},"modified":"2017-12-13T12:02:44","modified_gmt":"2017-12-13T11:02:44","slug":"jornada-dec-implantar-una-cultura-corporativa-centrada-en-el-client","status":"publish","type":"post","link":"https:\/\/www.autopistas.com\/ca\/jornada-dec-implantar-una-cultura-corporativa-centrada-en-el-client\/","title":{"rendered":"Jornada DEC &#8220;Implantar una cultura corporativa centrada en el Client&#8221;"},"content":{"rendered":"<p style=\"text-align: justify;\"><span style=\"color: #f58220;\"><strong>\u00bfQu\u00e8 \u00e9s DEC?<\/strong><\/span><\/p>\n<p style=\"text-align: justify;\">DEC \u00e9s la primera organitzaci\u00f3 professional sense \u00e0nim de lucre, de parla hispana, que promou el desenvolupament i la implementaci\u00f3 de les millors pr\u00e0ctiques i la recerca de l&#8217;excel\u00b7l\u00e8ncia en l&#8217;Experi\u00e8ncia de Client.<\/p>\n<p style=\"text-align: justify;\"><span style=\"color: #f58220;\"><strong>\u00bfQu\u00e8 s\u00f3n els divendres DEC?<\/strong><\/span><\/p>\n<p>L&#8217;Associaci\u00f3 DEC organitza amb una periodicitat habitualment bimestral els Divendres DEC, un esdeveniment on quatre o cinc experts tracten un tema concret relacionat amb l&#8217;Experi\u00e8ncia de Client davant d&#8217;una audi\u00e8ncia qualificada<\/p>\n<p style=\"text-align: justify;\"><img decoding=\"async\" loading=\"lazy\" class=\" size-full wp-image-7482\" src=\"https:\/\/www.autopistas.com\/wp-content\/uploads\/2017\/03\/dec1.jpg\" alt=\"\" width=\"1200\" height=\"191\" srcset=\"https:\/\/www.autopistas.com\/wp-content\/uploads\/2017\/03\/dec1.jpg 1200w, https:\/\/www.autopistas.com\/wp-content\/uploads\/2017\/03\/dec1-300x48.jpg 300w, https:\/\/www.autopistas.com\/wp-content\/uploads\/2017\/03\/dec1-768x122.jpg 768w, https:\/\/www.autopistas.com\/wp-content\/uploads\/2017\/03\/dec1-1024x163.jpg 1024w\" sizes=\"(max-width: 1200px) 100vw, 1200px\" \/><\/p>\n<p>Un soci DEC sol ser l&#8217;amfitri\u00f3 del Divendres DEC i primer ponent de la jornada. Com el seu nom indica, se celebra els divendres a les dotze del mat\u00ed i dura al voltant de dues hores. Una vegada concl\u00f2s, assistents i ponents gaudeixen d&#8217;un vi espanyol per intercanviar opinions i experi\u00e8ncies.<\/p>\n<p>Uns mesos despr\u00e9s, DEC publica al web una fitxa t\u00e8cnica amb les principals conclusions aportades pels ponents de l&#8217;esdeveniment perqu\u00e8 puguin consultar tots els interessats, assistissin o no al Divendres DEC.<\/p>\n<p><span style=\"color: #f58220;\"><strong>&#8220;Implantar una cultura corporativa centrada en el client&#8221;<\/strong><\/span><\/p>\n<p>L&#8217;Associaci\u00f3 DEC celebrar\u00e0 el divendres DEC &#8220;Implantar una cultura corporativa centrada en el Client&#8221; el proper 24 de mar\u00e7 a la seu d&#8217;Abertis a Barcelona.<\/p>\n<p><img decoding=\"async\" loading=\"lazy\" class=\" size-full wp-image-7485\" src=\"https:\/\/www.autopistas.com\/wp-content\/uploads\/2017\/03\/dec2.jpg\" alt=\"\" width=\"1030\" height=\"660\" srcset=\"https:\/\/www.autopistas.com\/wp-content\/uploads\/2017\/03\/dec2.jpg 1030w, https:\/\/www.autopistas.com\/wp-content\/uploads\/2017\/03\/dec2-300x192.jpg 300w, https:\/\/www.autopistas.com\/wp-content\/uploads\/2017\/03\/dec2-768x492.jpg 768w, https:\/\/www.autopistas.com\/wp-content\/uploads\/2017\/03\/dec2-1024x656.jpg 1024w\" sizes=\"(max-width: 1030px) 100vw, 1030px\" \/><\/p>\n<p><span style=\"color: #f58220;\"><strong>Ponents<\/strong><\/span><\/p>\n<p><strong>Carmen L\u00f3pez \u2013 Suevos <\/strong>Directora d&#8217;Experi\u00e8ncia de Client a Vodafone<\/p>\n<p><strong>Marta Fina <\/strong>Directora de l&#8217;\u00c0rea de Qualitat i Experi\u00e8ncia de Client a Caixabank<\/p>\n<p><strong>Agust\u00edn Rosety <\/strong>Soci Director a Moebius Consulting<\/p>\n<p><span style=\"color: #f58220;\"><strong>Moderadora<\/strong><\/span><\/p>\n<p><strong>Cristina L\u00f3pez Caba\u00f1as <\/strong>Customer Experience a Gas Natural Fenosa<\/p>\n<p>&nbsp;<\/p>\n<p><strong>Amb el patrocini de: \u00a0 \u00a0 \u00a0 \u00a0 \u00a0 \u00a0 \u00a0 \u00a0 \u00a0 Amb la col\u00b7laboraci\u00f3 de:<\/strong><\/p>\n<p><img decoding=\"async\" loading=\"lazy\" class=\" size-full wp-image-7488\" style=\"height: 65px; width: 100px;\" src=\"https:\/\/www.autopistas.com\/wp-content\/uploads\/2017\/03\/dec3.png\" alt=\"\" width=\"250\" height=\"162\" \/>\u00a0\u00a0\u00a0\u00a0\u00a0\u00a0\u00a0\u00a0\u00a0\u00a0\u00a0\u00a0\u00a0\u00a0\u00a0\u00a0\u00a0\u00a0\u00a0\u00a0\u00a0\u00a0\u00a0\u00a0\u00a0\u00a0\u00a0\u00a0\u00a0\u00a0\u00a0\u00a0\u00a0 <img decoding=\"async\" loading=\"lazy\" class=\" size-full wp-image-7491\" style=\"height: 28px; margin-bottom: 20px; margin-top: 20px; width: 100px;\" src=\"https:\/\/www.autopistas.com\/wp-content\/uploads\/2017\/03\/logo_autopistas_5cm.png\" alt=\"\" width=\"591\" height=\"167\" srcset=\"https:\/\/www.autopistas.com\/wp-content\/uploads\/2017\/03\/logo_autopistas_5cm.png 591w, https:\/\/www.autopistas.com\/wp-content\/uploads\/2017\/03\/logo_autopistas_5cm-300x85.png 300w\" sizes=\"(max-width: 591px) 100vw, 591px\" \/><\/p>\n<p>&nbsp;<\/p>\n","protected":false},"excerpt":{"rendered":"<p>\u00bfQu\u00e8 \u00e9s DEC? DEC \u00e9s la primera organitzaci\u00f3 professional sense \u00e0nim de lucre, de parla hispana, que promou el desenvolupament i la implementaci\u00f3 de les millors pr\u00e0ctiques i la recerca de l&#8217;excel\u00b7l\u00e8ncia en l&#8217;Experi\u00e8ncia de Client. \u00bfQu\u00e8 s\u00f3n els divendres DEC? L&#8217;Associaci\u00f3 DEC organitza amb una periodicitat habitualment bimestral els Divendres DEC, un esdeveniment on &#8230;<\/p>\n","protected":false},"author":5,"featured_media":7486,"comment_status":"closed","ping_status":"closed","sticky":false,"template":"","format":"standard","meta":{"footnotes":""},"categories":[819,19],"tags":[],"yoast_head":"<!-- This site is optimized with the Yoast SEO Premium plugin v19.5 (Yoast SEO v19.10) - https:\/\/yoast.com\/wordpress\/plugins\/seo\/ -->\n<title>Jornada DEC &quot;Implantar una cultura corporativa centrada en el Client&quot; | Autopistas<\/title>\n<meta name=\"robots\" content=\"index, follow, max-snippet:-1, max-image-preview:large, max-video-preview:-1\" \/>\n<link rel=\"canonical\" href=\"https:\/\/www.autopistas.com\/ca\/jornada-dec-implantar-una-cultura-corporativa-centrada-en-el-client\/\" \/>\n<meta property=\"og:locale\" content=\"ca_ES\" \/>\n<meta property=\"og:type\" content=\"article\" \/>\n<meta property=\"og:title\" content=\"Jornada DEC &quot;Implantar una cultura corporativa centrada en el Client&quot;\" \/>\n<meta property=\"og:description\" content=\"\u00bfQu\u00e8 \u00e9s DEC? DEC \u00e9s la primera organitzaci\u00f3 professional sense \u00e0nim de lucre, de parla hispana, que promou el desenvolupament i la implementaci\u00f3 de les millors pr\u00e0ctiques i la recerca de l&#8217;excel\u00b7l\u00e8ncia en l&#8217;Experi\u00e8ncia de Client. \u00bfQu\u00e8 s\u00f3n els divendres DEC? L&#8217;Associaci\u00f3 DEC organitza amb una periodicitat habitualment bimestral els Divendres DEC, un esdeveniment on ...\" \/>\n<meta property=\"og:url\" content=\"https:\/\/www.autopistas.com\/ca\/jornada-dec-implantar-una-cultura-corporativa-centrada-en-el-client\/\" \/>\n<meta property=\"og:site_name\" content=\"Autopistas\" \/>\n<meta property=\"article:published_time\" content=\"2017-03-23T10:18:38+00:00\" \/>\n<meta property=\"article:modified_time\" content=\"2017-12-13T11:02:44+00:00\" \/>\n<meta property=\"og:image\" content=\"https:\/\/www.autopistas.com\/wp-content\/uploads\/2017\/03\/dec2.jpg\" \/>\n\t<meta property=\"og:image:width\" content=\"1030\" \/>\n\t<meta property=\"og:image:height\" content=\"660\" \/>\n\t<meta property=\"og:image:type\" content=\"image\/jpeg\" \/>\n<meta name=\"author\" content=\"editor.factorsim\" \/>\n<meta name=\"twitter:card\" content=\"summary_large_image\" \/>\n<meta name=\"twitter:label1\" content=\"Escrit per\" \/>\n\t<meta name=\"twitter:data1\" content=\"editor.factorsim\" \/>\n\t<meta name=\"twitter:label2\" content=\"Temps estimat de lectura\" \/>\n\t<meta name=\"twitter:data2\" content=\"1 minut\" \/>\n<script type=\"application\/ld+json\" class=\"yoast-schema-graph\">{\"@context\":\"https:\/\/schema.org\",\"@graph\":[{\"@type\":\"WebPage\",\"@id\":\"https:\/\/www.autopistas.com\/ca\/jornada-dec-implantar-una-cultura-corporativa-centrada-en-el-client\/\",\"url\":\"https:\/\/www.autopistas.com\/ca\/jornada-dec-implantar-una-cultura-corporativa-centrada-en-el-client\/\",\"name\":\"Jornada DEC \\\"Implantar una cultura corporativa centrada en el Client\\\" | Autopistas\",\"isPartOf\":{\"@id\":\"https:\/\/www.autopistas.com\/ca\/#website\"},\"datePublished\":\"2017-03-23T10:18:38+00:00\",\"dateModified\":\"2017-12-13T11:02:44+00:00\",\"author\":{\"@id\":\"https:\/\/www.autopistas.com\/ca\/#\/schema\/person\/cb2b88aae592dcde26a0e9ea5cc4baa9\"},\"breadcrumb\":{\"@id\":\"https:\/\/www.autopistas.com\/ca\/jornada-dec-implantar-una-cultura-corporativa-centrada-en-el-client\/#breadcrumb\"},\"inLanguage\":\"ca\",\"potentialAction\":[{\"@type\":\"ReadAction\",\"target\":[\"https:\/\/www.autopistas.com\/ca\/jornada-dec-implantar-una-cultura-corporativa-centrada-en-el-client\/\"]}]},{\"@type\":\"BreadcrumbList\",\"@id\":\"https:\/\/www.autopistas.com\/ca\/jornada-dec-implantar-una-cultura-corporativa-centrada-en-el-client\/#breadcrumb\",\"itemListElement\":[{\"@type\":\"ListItem\",\"position\":1,\"name\":\"Portada\",\"item\":\"https:\/\/www.autopistas.com\/ca\/\"},{\"@type\":\"ListItem\",\"position\":2,\"name\":\"Jornada DEC &#8220;Implantar una cultura corporativa centrada en el Client&#8221;\"}]},{\"@type\":\"WebSite\",\"@id\":\"https:\/\/www.autopistas.com\/ca\/#website\",\"url\":\"https:\/\/www.autopistas.com\/ca\/\",\"name\":\"Autopistas\",\"description\":\"Autopistas, Contigo Hasta Donde Quieras Llegar\",\"potentialAction\":[{\"@type\":\"SearchAction\",\"target\":{\"@type\":\"EntryPoint\",\"urlTemplate\":\"https:\/\/www.autopistas.com\/ca\/?s={search_term_string}\"},\"query-input\":\"required name=search_term_string\"}],\"inLanguage\":\"ca\"},{\"@type\":\"Person\",\"@id\":\"https:\/\/www.autopistas.com\/ca\/#\/schema\/person\/cb2b88aae592dcde26a0e9ea5cc4baa9\",\"name\":\"editor.factorsim\",\"image\":{\"@type\":\"ImageObject\",\"inLanguage\":\"ca\",\"@id\":\"https:\/\/www.autopistas.com\/ca\/#\/schema\/person\/image\/\",\"url\":\"https:\/\/secure.gravatar.com\/avatar\/c3195ffe951a3cff97d71167ff2e6ba8?s=96&d=mm&r=g\",\"contentUrl\":\"https:\/\/secure.gravatar.com\/avatar\/c3195ffe951a3cff97d71167ff2e6ba8?s=96&d=mm&r=g\",\"caption\":\"editor.factorsim\"}}]}<\/script>\n<!-- \/ Yoast SEO Premium plugin. -->","yoast_head_json":{"title":"Jornada DEC \"Implantar una cultura corporativa centrada en el Client\" | Autopistas","robots":{"index":"index","follow":"follow","max-snippet":"max-snippet:-1","max-image-preview":"max-image-preview:large","max-video-preview":"max-video-preview:-1"},"canonical":"https:\/\/www.autopistas.com\/ca\/jornada-dec-implantar-una-cultura-corporativa-centrada-en-el-client\/","og_locale":"ca_ES","og_type":"article","og_title":"Jornada DEC \"Implantar una cultura corporativa centrada en el Client\"","og_description":"\u00bfQu\u00e8 \u00e9s DEC? DEC \u00e9s la primera organitzaci\u00f3 professional sense \u00e0nim de lucre, de parla hispana, que promou el desenvolupament i la implementaci\u00f3 de les millors pr\u00e0ctiques i la recerca de l&#8217;excel\u00b7l\u00e8ncia en l&#8217;Experi\u00e8ncia de Client. \u00bfQu\u00e8 s\u00f3n els divendres DEC? L&#8217;Associaci\u00f3 DEC organitza amb una periodicitat habitualment bimestral els Divendres DEC, un esdeveniment on ...","og_url":"https:\/\/www.autopistas.com\/ca\/jornada-dec-implantar-una-cultura-corporativa-centrada-en-el-client\/","og_site_name":"Autopistas","article_published_time":"2017-03-23T10:18:38+00:00","article_modified_time":"2017-12-13T11:02:44+00:00","og_image":[{"width":1030,"height":660,"url":"https:\/\/www.autopistas.com\/wp-content\/uploads\/2017\/03\/dec2.jpg","type":"image\/jpeg"}],"author":"editor.factorsim","twitter_card":"summary_large_image","twitter_misc":{"Escrit per":"editor.factorsim","Temps estimat de lectura":"1 minut"},"schema":{"@context":"https:\/\/schema.org","@graph":[{"@type":"WebPage","@id":"https:\/\/www.autopistas.com\/ca\/jornada-dec-implantar-una-cultura-corporativa-centrada-en-el-client\/","url":"https:\/\/www.autopistas.com\/ca\/jornada-dec-implantar-una-cultura-corporativa-centrada-en-el-client\/","name":"Jornada DEC \"Implantar una cultura corporativa centrada en el Client\" | Autopistas","isPartOf":{"@id":"https:\/\/www.autopistas.com\/ca\/#website"},"datePublished":"2017-03-23T10:18:38+00:00","dateModified":"2017-12-13T11:02:44+00:00","author":{"@id":"https:\/\/www.autopistas.com\/ca\/#\/schema\/person\/cb2b88aae592dcde26a0e9ea5cc4baa9"},"breadcrumb":{"@id":"https:\/\/www.autopistas.com\/ca\/jornada-dec-implantar-una-cultura-corporativa-centrada-en-el-client\/#breadcrumb"},"inLanguage":"ca","potentialAction":[{"@type":"ReadAction","target":["https:\/\/www.autopistas.com\/ca\/jornada-dec-implantar-una-cultura-corporativa-centrada-en-el-client\/"]}]},{"@type":"BreadcrumbList","@id":"https:\/\/www.autopistas.com\/ca\/jornada-dec-implantar-una-cultura-corporativa-centrada-en-el-client\/#breadcrumb","itemListElement":[{"@type":"ListItem","position":1,"name":"Portada","item":"https:\/\/www.autopistas.com\/ca\/"},{"@type":"ListItem","position":2,"name":"Jornada DEC &#8220;Implantar una cultura corporativa centrada en el Client&#8221;"}]},{"@type":"WebSite","@id":"https:\/\/www.autopistas.com\/ca\/#website","url":"https:\/\/www.autopistas.com\/ca\/","name":"Autopistas","description":"Autopistas, Contigo Hasta Donde Quieras Llegar","potentialAction":[{"@type":"SearchAction","target":{"@type":"EntryPoint","urlTemplate":"https:\/\/www.autopistas.com\/ca\/?s={search_term_string}"},"query-input":"required name=search_term_string"}],"inLanguage":"ca"},{"@type":"Person","@id":"https:\/\/www.autopistas.com\/ca\/#\/schema\/person\/cb2b88aae592dcde26a0e9ea5cc4baa9","name":"editor.factorsim","image":{"@type":"ImageObject","inLanguage":"ca","@id":"https:\/\/www.autopistas.com\/ca\/#\/schema\/person\/image\/","url":"https:\/\/secure.gravatar.com\/avatar\/c3195ffe951a3cff97d71167ff2e6ba8?s=96&d=mm&r=g","contentUrl":"https:\/\/secure.gravatar.com\/avatar\/c3195ffe951a3cff97d71167ff2e6ba8?s=96&d=mm&r=g","caption":"editor.factorsim"}}]}},"_links":{"self":[{"href":"https:\/\/www.autopistas.com\/ca\/wp-json\/wp\/v2\/posts\/26281"}],"collection":[{"href":"https:\/\/www.autopistas.com\/ca\/wp-json\/wp\/v2\/posts"}],"about":[{"href":"https:\/\/www.autopistas.com\/ca\/wp-json\/wp\/v2\/types\/post"}],"author":[{"embeddable":true,"href":"https:\/\/www.autopistas.com\/ca\/wp-json\/wp\/v2\/users\/5"}],"replies":[{"embeddable":true,"href":"https:\/\/www.autopistas.com\/ca\/wp-json\/wp\/v2\/comments?post=26281"}],"version-history":[{"count":2,"href":"https:\/\/www.autopistas.com\/ca\/wp-json\/wp\/v2\/posts\/26281\/revisions"}],"predecessor-version":[{"id":26534,"href":"https:\/\/www.autopistas.com\/ca\/wp-json\/wp\/v2\/posts\/26281\/revisions\/26534"}],"wp:featuredmedia":[{"embeddable":true,"href":"https:\/\/www.autopistas.com\/ca\/wp-json\/wp\/v2\/media\/7486"}],"wp:attachment":[{"href":"https:\/\/www.autopistas.com\/ca\/wp-json\/wp\/v2\/media?parent=26281"}],"wp:term":[{"taxonomy":"category","embeddable":true,"href":"https:\/\/www.autopistas.com\/ca\/wp-json\/wp\/v2\/categories?post=26281"},{"taxonomy":"post_tag","embeddable":true,"href":"https:\/\/www.autopistas.com\/ca\/wp-json\/wp\/v2\/tags?post=26281"}],"curies":[{"name":"wp","href":"https:\/\/api.w.org\/{rel}","templated":true}]}}