{"id":26300,"date":"2016-05-03T15:33:05","date_gmt":"2016-05-03T13:33:05","guid":{"rendered":"https:\/\/www.autopistas.com\/abertis-autopistas-collabora-amb-la-xii-edicio-del-concurs-de-rescat-en-accidents-de-transit\/"},"modified":"2017-12-13T14:16:05","modified_gmt":"2017-12-13T13:16:05","slug":"autopistas-collabora-amb-la-xii-edicio-del-concurs-de-rescat-en-accidents-de-transit","status":"publish","type":"post","link":"https:\/\/www.autopistas.com\/ca\/autopistas-collabora-amb-la-xii-edicio-del-concurs-de-rescat-en-accidents-de-transit\/","title":{"rendered":"Autopistas col\u00b7labora amb la XII Edici\u00f3 del Concurs de Rescat en Accidents de Tr\u00e0nsit"},"content":{"rendered":"<p>Aquest mat\u00ed ha comen\u00e7at la XII Edici\u00f3 del Concurs de Rescat en Accidents de Tr\u00e0nsit dels Bombers de la Generalitat, que se celebrar\u00e0 a les instal\u00b7lacions de l\u2019Institut de Seguretat P\u00fablica de Catalunya (ISPC) i que s\u2019allargar\u00e0 fins al proper dijous 5 de maig al migdia.<\/p>\n<p>Els dos millors equips dels Bombers de la Generalitat participaran al XI Encuentro Nacional de Rescates en Accidentes de Tr\u00e1fico, que tindr\u00e0 lloc el proper mes de juny a Alcorc\u00f3n.<\/p>\n<p><strong><u>Concurs de Rescat en Accidents de Tr\u00e0nsit<\/u><\/strong><\/p>\n<p>Enguany, hi ha inscrits 12 equips dels Bombers de la Generalitat. Tres de la Regi\u00f3 d\u2019Emerg\u00e8ncies de Girona: Olot, Girona ciutat i la Pera; tres m\u00e9s de la Regi\u00f3 Metropolitana Nord: Terrassa, Granollers i Castellar del Vall\u00e8s; dos de la Regi\u00f3 de Lleida: Lleida ciutat i Ponent; dos m\u00e9s de la Metropolitana Sud: Vilafranca del Pened\u00e8s i un gen\u00e8ric de la Regi\u00f3; un de la Regi\u00f3 de Tarragona: Reus, i un dels Pompi\u00e8rs d\u2019Aran. Fora de concurs, tamb\u00e9 participaran com a convidats, un equip d\u2019instructors de Bombers de Barcelona i un altre de Bombers de Navarra.<\/p>\n<p>Els equips, formats per 6 bombers (1 comandament, 1 sanitari i 4 bombers, a m\u00e9s d\u2019un reserva), hauran de realitzar la maniobra complexa. Els bombers, amb un temps m\u00e0xim de 30 minuts, hauran de rescatar dues persones atrapades a l\u2019interior d\u2019un vehicle. Un dels ferits presenta risc vital imminent i el segon ferit es mant\u00e9 estable.<\/p>\n<p>El jurat est\u00e0 format per quatre assessors, que valoraran, a m\u00e9s de la maniobra, la capacitat de comandament del responsable de cada equip, la t\u00e8cnica amb qu\u00e8 els bombers fan l\u2019excarceraci\u00f3 i les maniobres de car\u00e0cter sanitari en el maneig de les v\u00edctimes. Per tant, en les proves, que es desenvolupen en un escenari simulat, es valoren les t\u00e8cniques i habilitats utilitzades en les maniobres de rescat dels equips participants, aix\u00ed com tamb\u00e9 la rapidesa i atenci\u00f3 integral a les v\u00edctimes.<\/p>\n<p><strong><u>Objectiu dels Concursos de Rescat en Accidents de Tr\u00e0nsit<\/u><\/strong><\/p>\n<p>Al llarg de l\u2019any, els Bombers de la Generalitat han de realitzar m\u00e9s de 8.000 actuacions per atendre accidents de tr\u00e0nsit on sovint hi ha persones atrapades que han d\u2019excarcerar de l\u2019interior dels seus vehicles. S\u00f3n actuacions on la r\u00e0pida operativitat en les maniobres de rescat \u00e9s vital. Per aix\u00f2, la formaci\u00f3 dels efectius d\u2019emerg\u00e8ncies \u00e9s molt important.<\/p>\n<p>En aquest sentit, els concursos, m\u00e9s enll\u00e0 d\u2019una competici\u00f3, s\u00f3n el marc ideal per implementar els nous procediments d\u2019intervenci\u00f3 en accidents de tr\u00e0nsit i per dinamitzar professionalment l\u2019actuaci\u00f3 i fomentar l\u2019intercanvi de t\u00e8cniques i metodologies de treball. Aquesta activitat s\u2019ha convertit en una eina formativa complement\u00e0ria al ventall de cursos espec\u00edfics oferts des de l\u2019Escola de Bombers i Protecci\u00f3 Civil de Catalunya als \u00a0cossos de Bombers. Cal destacar que el 2015 els Bombers de la Generalitat van atendre un total de 2.207 serveis per accidents de tr\u00e0nsit amb ferits, alguns amb persones atrapades a l\u2019interior del vehicle.<\/p>\n<p>El XII Concurs de Rescat en Accidents de Tr\u00e0nsit est\u00e0 organitzat pel Cos de Bombers de la Generalitat juntament amb l\u2019Escola de Bombers i Protecci\u00f3 Civil de l\u2019ISPC i la col\u00b7laboraci\u00f3 de la Asociaci\u00f3n Profesional de Rescate en Accidentes de Tr\u00e1fico (APRAT), que hi aporta els jutges i els criteris de valoraci\u00f3. A m\u00e9s, tamb\u00e9 compta amb la col\u00b7laboraci\u00f3 de les empreses Rosenbauer, Hilti i Desguaces La Caba\u00f1a. Aix\u00ed com, un any m\u00e9s, compta tamb\u00e9 amb el patrocini de la Fundaci\u00f3 Mutual Conductors i d\u2019<strong>autopistas<\/strong>.<\/p>\n<p><strong><u>Horaris i lliurament de premis<\/u><\/strong><\/p>\n<p>Les maniobres han comen\u00e7at avui i es faran al llarg de tota la setmana, entre les 10.00 hores i les 16.00 hores, ininterrompudament. El dijous 5 de maig, les maniobres finalitzaran a les 13.00 hores, i a partir de les 14.00 hores tindr\u00e0 lloc l\u2019acte de lliurament de premis a la sala polivalent de l\u2019ISPC.<\/p>\n<p>Aquest mat\u00ed ha comen\u00e7at la XII Edici\u00f3 del Concurs de Rescat en Accidents de Tr\u00e0nsit&#8230;<\/p>\n","protected":false},"excerpt":{"rendered":"<p>Aquest mat\u00ed ha comen\u00e7at la XII Edici\u00f3 del Concurs de Rescat en Accidents de Tr\u00e0nsit dels Bombers de la Generalitat, que se celebrar\u00e0 a les instal\u00b7lacions de l\u2019Institut de Seguretat P\u00fablica de Catalunya (ISPC) i que s\u2019allargar\u00e0 fins al proper dijous 5 de maig al migdia. Els dos millors equips dels Bombers de la Generalitat &#8230;<\/p>\n","protected":false},"author":5,"featured_media":0,"comment_status":"closed","ping_status":"closed","sticky":false,"template":"","format":"standard","meta":{"footnotes":""},"categories":[818,19],"tags":[],"yoast_head":"<!-- This site is optimized with the Yoast SEO Premium plugin v19.5 (Yoast SEO v19.10) - https:\/\/yoast.com\/wordpress\/plugins\/seo\/ -->\n<title>Autopistas col\u00b7labora amb la XII Edici\u00f3 del Concurs de Rescat en Accidents de Tr\u00e0nsit | Autopistas<\/title>\n<meta name=\"robots\" content=\"index, follow, max-snippet:-1, max-image-preview:large, max-video-preview:-1\" \/>\n<link rel=\"canonical\" href=\"https:\/\/www.autopistas.com\/ca\/autopistas-collabora-amb-la-xii-edicio-del-concurs-de-rescat-en-accidents-de-transit\/\" \/>\n<meta property=\"og:locale\" content=\"ca_ES\" \/>\n<meta property=\"og:type\" content=\"article\" \/>\n<meta property=\"og:title\" content=\"Autopistas col\u00b7labora amb la XII Edici\u00f3 del Concurs de Rescat en Accidents de Tr\u00e0nsit\" \/>\n<meta property=\"og:description\" content=\"Aquest mat\u00ed ha comen\u00e7at la XII Edici\u00f3 del Concurs de Rescat en Accidents de Tr\u00e0nsit dels Bombers de la Generalitat, que se celebrar\u00e0 a les instal\u00b7lacions de l\u2019Institut de Seguretat P\u00fablica de Catalunya (ISPC) i que s\u2019allargar\u00e0 fins al proper dijous 5 de maig al migdia. Els dos millors equips dels Bombers de la Generalitat ...\" \/>\n<meta property=\"og:url\" content=\"https:\/\/www.autopistas.com\/ca\/autopistas-collabora-amb-la-xii-edicio-del-concurs-de-rescat-en-accidents-de-transit\/\" \/>\n<meta property=\"og:site_name\" content=\"Autopistas\" \/>\n<meta property=\"article:published_time\" content=\"2016-05-03T13:33:05+00:00\" \/>\n<meta property=\"article:modified_time\" content=\"2017-12-13T13:16:05+00:00\" \/>\n<meta name=\"author\" content=\"editor.factorsim\" \/>\n<meta name=\"twitter:card\" content=\"summary_large_image\" \/>\n<meta name=\"twitter:label1\" content=\"Escrit per\" \/>\n\t<meta name=\"twitter:data1\" content=\"editor.factorsim\" \/>\n\t<meta name=\"twitter:label2\" content=\"Temps estimat de lectura\" \/>\n\t<meta name=\"twitter:data2\" content=\"3 minuts\" \/>\n<script type=\"application\/ld+json\" class=\"yoast-schema-graph\">{\"@context\":\"https:\/\/schema.org\",\"@graph\":[{\"@type\":\"WebPage\",\"@id\":\"https:\/\/www.autopistas.com\/ca\/autopistas-collabora-amb-la-xii-edicio-del-concurs-de-rescat-en-accidents-de-transit\/\",\"url\":\"https:\/\/www.autopistas.com\/ca\/autopistas-collabora-amb-la-xii-edicio-del-concurs-de-rescat-en-accidents-de-transit\/\",\"name\":\"Autopistas col\u00b7labora amb la XII Edici\u00f3 del Concurs de Rescat en Accidents de Tr\u00e0nsit | Autopistas\",\"isPartOf\":{\"@id\":\"https:\/\/www.autopistas.com\/ca\/#website\"},\"datePublished\":\"2016-05-03T13:33:05+00:00\",\"dateModified\":\"2017-12-13T13:16:05+00:00\",\"author\":{\"@id\":\"https:\/\/www.autopistas.com\/ca\/#\/schema\/person\/cb2b88aae592dcde26a0e9ea5cc4baa9\"},\"breadcrumb\":{\"@id\":\"https:\/\/www.autopistas.com\/ca\/autopistas-collabora-amb-la-xii-edicio-del-concurs-de-rescat-en-accidents-de-transit\/#breadcrumb\"},\"inLanguage\":\"ca\",\"potentialAction\":[{\"@type\":\"ReadAction\",\"target\":[\"https:\/\/www.autopistas.com\/ca\/autopistas-collabora-amb-la-xii-edicio-del-concurs-de-rescat-en-accidents-de-transit\/\"]}]},{\"@type\":\"BreadcrumbList\",\"@id\":\"https:\/\/www.autopistas.com\/ca\/autopistas-collabora-amb-la-xii-edicio-del-concurs-de-rescat-en-accidents-de-transit\/#breadcrumb\",\"itemListElement\":[{\"@type\":\"ListItem\",\"position\":1,\"name\":\"Portada\",\"item\":\"https:\/\/www.autopistas.com\/ca\/\"},{\"@type\":\"ListItem\",\"position\":2,\"name\":\"Autopistas col\u00b7labora amb la XII Edici\u00f3 del Concurs de Rescat en Accidents de Tr\u00e0nsit\"}]},{\"@type\":\"WebSite\",\"@id\":\"https:\/\/www.autopistas.com\/ca\/#website\",\"url\":\"https:\/\/www.autopistas.com\/ca\/\",\"name\":\"Autopistas\",\"description\":\"Autopistas, Contigo Hasta Donde Quieras Llegar\",\"potentialAction\":[{\"@type\":\"SearchAction\",\"target\":{\"@type\":\"EntryPoint\",\"urlTemplate\":\"https:\/\/www.autopistas.com\/ca\/?s={search_term_string}\"},\"query-input\":\"required name=search_term_string\"}],\"inLanguage\":\"ca\"},{\"@type\":\"Person\",\"@id\":\"https:\/\/www.autopistas.com\/ca\/#\/schema\/person\/cb2b88aae592dcde26a0e9ea5cc4baa9\",\"name\":\"editor.factorsim\",\"image\":{\"@type\":\"ImageObject\",\"inLanguage\":\"ca\",\"@id\":\"https:\/\/www.autopistas.com\/ca\/#\/schema\/person\/image\/\",\"url\":\"https:\/\/secure.gravatar.com\/avatar\/c3195ffe951a3cff97d71167ff2e6ba8?s=96&d=mm&r=g\",\"contentUrl\":\"https:\/\/secure.gravatar.com\/avatar\/c3195ffe951a3cff97d71167ff2e6ba8?s=96&d=mm&r=g\",\"caption\":\"editor.factorsim\"}}]}<\/script>\n<!-- \/ Yoast SEO Premium plugin. -->","yoast_head_json":{"title":"Autopistas col\u00b7labora amb la XII Edici\u00f3 del Concurs de Rescat en Accidents de Tr\u00e0nsit | Autopistas","robots":{"index":"index","follow":"follow","max-snippet":"max-snippet:-1","max-image-preview":"max-image-preview:large","max-video-preview":"max-video-preview:-1"},"canonical":"https:\/\/www.autopistas.com\/ca\/autopistas-collabora-amb-la-xii-edicio-del-concurs-de-rescat-en-accidents-de-transit\/","og_locale":"ca_ES","og_type":"article","og_title":"Autopistas col\u00b7labora amb la XII Edici\u00f3 del Concurs de Rescat en Accidents de Tr\u00e0nsit","og_description":"Aquest mat\u00ed ha comen\u00e7at la XII Edici\u00f3 del Concurs de Rescat en Accidents de Tr\u00e0nsit dels Bombers de la Generalitat, que se celebrar\u00e0 a les instal\u00b7lacions de l\u2019Institut de Seguretat P\u00fablica de Catalunya (ISPC) i que s\u2019allargar\u00e0 fins al proper dijous 5 de maig al migdia. Els dos millors equips dels Bombers de la Generalitat ...","og_url":"https:\/\/www.autopistas.com\/ca\/autopistas-collabora-amb-la-xii-edicio-del-concurs-de-rescat-en-accidents-de-transit\/","og_site_name":"Autopistas","article_published_time":"2016-05-03T13:33:05+00:00","article_modified_time":"2017-12-13T13:16:05+00:00","author":"editor.factorsim","twitter_card":"summary_large_image","twitter_misc":{"Escrit per":"editor.factorsim","Temps estimat de lectura":"3 minuts"},"schema":{"@context":"https:\/\/schema.org","@graph":[{"@type":"WebPage","@id":"https:\/\/www.autopistas.com\/ca\/autopistas-collabora-amb-la-xii-edicio-del-concurs-de-rescat-en-accidents-de-transit\/","url":"https:\/\/www.autopistas.com\/ca\/autopistas-collabora-amb-la-xii-edicio-del-concurs-de-rescat-en-accidents-de-transit\/","name":"Autopistas col\u00b7labora amb la XII Edici\u00f3 del Concurs de Rescat en Accidents de Tr\u00e0nsit | Autopistas","isPartOf":{"@id":"https:\/\/www.autopistas.com\/ca\/#website"},"datePublished":"2016-05-03T13:33:05+00:00","dateModified":"2017-12-13T13:16:05+00:00","author":{"@id":"https:\/\/www.autopistas.com\/ca\/#\/schema\/person\/cb2b88aae592dcde26a0e9ea5cc4baa9"},"breadcrumb":{"@id":"https:\/\/www.autopistas.com\/ca\/autopistas-collabora-amb-la-xii-edicio-del-concurs-de-rescat-en-accidents-de-transit\/#breadcrumb"},"inLanguage":"ca","potentialAction":[{"@type":"ReadAction","target":["https:\/\/www.autopistas.com\/ca\/autopistas-collabora-amb-la-xii-edicio-del-concurs-de-rescat-en-accidents-de-transit\/"]}]},{"@type":"BreadcrumbList","@id":"https:\/\/www.autopistas.com\/ca\/autopistas-collabora-amb-la-xii-edicio-del-concurs-de-rescat-en-accidents-de-transit\/#breadcrumb","itemListElement":[{"@type":"ListItem","position":1,"name":"Portada","item":"https:\/\/www.autopistas.com\/ca\/"},{"@type":"ListItem","position":2,"name":"Autopistas col\u00b7labora amb la XII Edici\u00f3 del Concurs de Rescat en Accidents de Tr\u00e0nsit"}]},{"@type":"WebSite","@id":"https:\/\/www.autopistas.com\/ca\/#website","url":"https:\/\/www.autopistas.com\/ca\/","name":"Autopistas","description":"Autopistas, Contigo Hasta Donde Quieras Llegar","potentialAction":[{"@type":"SearchAction","target":{"@type":"EntryPoint","urlTemplate":"https:\/\/www.autopistas.com\/ca\/?s={search_term_string}"},"query-input":"required name=search_term_string"}],"inLanguage":"ca"},{"@type":"Person","@id":"https:\/\/www.autopistas.com\/ca\/#\/schema\/person\/cb2b88aae592dcde26a0e9ea5cc4baa9","name":"editor.factorsim","image":{"@type":"ImageObject","inLanguage":"ca","@id":"https:\/\/www.autopistas.com\/ca\/#\/schema\/person\/image\/","url":"https:\/\/secure.gravatar.com\/avatar\/c3195ffe951a3cff97d71167ff2e6ba8?s=96&d=mm&r=g","contentUrl":"https:\/\/secure.gravatar.com\/avatar\/c3195ffe951a3cff97d71167ff2e6ba8?s=96&d=mm&r=g","caption":"editor.factorsim"}}]}},"_links":{"self":[{"href":"https:\/\/www.autopistas.com\/ca\/wp-json\/wp\/v2\/posts\/26300"}],"collection":[{"href":"https:\/\/www.autopistas.com\/ca\/wp-json\/wp\/v2\/posts"}],"about":[{"href":"https:\/\/www.autopistas.com\/ca\/wp-json\/wp\/v2\/types\/post"}],"author":[{"embeddable":true,"href":"https:\/\/www.autopistas.com\/ca\/wp-json\/wp\/v2\/users\/5"}],"replies":[{"embeddable":true,"href":"https:\/\/www.autopistas.com\/ca\/wp-json\/wp\/v2\/comments?post=26300"}],"version-history":[{"count":3,"href":"https:\/\/www.autopistas.com\/ca\/wp-json\/wp\/v2\/posts\/26300\/revisions"}],"predecessor-version":[{"id":26619,"href":"https:\/\/www.autopistas.com\/ca\/wp-json\/wp\/v2\/posts\/26300\/revisions\/26619"}],"wp:attachment":[{"href":"https:\/\/www.autopistas.com\/ca\/wp-json\/wp\/v2\/media?parent=26300"}],"wp:term":[{"taxonomy":"category","embeddable":true,"href":"https:\/\/www.autopistas.com\/ca\/wp-json\/wp\/v2\/categories?post=26300"},{"taxonomy":"post_tag","embeddable":true,"href":"https:\/\/www.autopistas.com\/ca\/wp-json\/wp\/v2\/tags?post=26300"}],"curies":[{"name":"wp","href":"https:\/\/api.w.org\/{rel}","templated":true}]}}