{"id":26537,"date":"2017-03-16T17:18:11","date_gmt":"2017-03-16T16:18:11","guid":{"rendered":"https:\/\/www.autopistas.com\/x-jornadas-de-vialitat-hinvernal\/"},"modified":"2017-12-13T12:08:44","modified_gmt":"2017-12-13T11:08:44","slug":"x-jornades-vialitat-hivernal","status":"publish","type":"post","link":"https:\/\/www.autopistas.com\/ca\/x-jornades-vialitat-hivernal\/","title":{"rendered":"X Jornades de Vialitat Hivernal"},"content":{"rendered":"<p style=\"text-align: justify;\">Autopistas ha participado, durante los d\u00edas 14, 15 y 16 de marzo, en las X Jornadas de Vialidad Invernal organizadas por la Asociaci\u00f3n T\u00e9cnica de Carreteras, al amparo del Ministerio de Fomento<\/p>\n<p style=\"text-align: justify;\">Con la participaci\u00f3n de m\u00e1s de 400 expertos en la materia, la celebraci\u00f3n constituye, adem\u00e1s de un punto de encuentro del sector, un foro de intercambio y divulgaci\u00f3n de aspectos relacionados con la vialidad invernal.<\/p>\n<p style=\"text-align: justify;\">Pa\u00edses como Canad\u00e1, Reino Unido, Francia o Andorra, no se han querido perder esta d\u00e9cima sesi\u00f3n en la cual se han debatido temas de m\u00e1xima importancia como la gesti\u00f3n del tr\u00e1fico en condiciones meteorol\u00f3gicas adversas o foros sobre \u00faltimas tecnolog\u00edas aplicadas en esta materia.<\/p>\n<p style=\"text-align: justify;\"><img decoding=\"async\" loading=\"lazy\" class=\"size-full wp-image-7474 aligncenter\" src=\"https:\/\/www.autopistas.com\/wp-content\/uploads\/2017\/03\/20170316_091710.jpg\" alt=\"\" width=\"1200\" height=\"675\" srcset=\"https:\/\/www.autopistas.com\/wp-content\/uploads\/2017\/03\/20170316_091710.jpg 1200w, https:\/\/www.autopistas.com\/wp-content\/uploads\/2017\/03\/20170316_091710-300x169.jpg 300w, https:\/\/www.autopistas.com\/wp-content\/uploads\/2017\/03\/20170316_091710-768x432.jpg 768w, https:\/\/www.autopistas.com\/wp-content\/uploads\/2017\/03\/20170316_091710-1024x576.jpg 1024w\" sizes=\"(max-width: 1200px) 100vw, 1200px\" \/><\/p>\n<p>&nbsp;<\/p>\n","protected":false},"excerpt":{"rendered":"<p>Autopistas ha participado, durante los d\u00edas 14, 15 y 16 de marzo, en las X Jornadas de Vialidad Invernal organizadas por la Asociaci\u00f3n T\u00e9cnica de Carreteras, al amparo del Ministerio de Fomento Con la participaci\u00f3n de m\u00e1s de 400 expertos en la materia, la celebraci\u00f3n constituye, adem\u00e1s de un punto de encuentro del sector, un &#8230;<\/p>\n","protected":false},"author":5,"featured_media":7475,"comment_status":"closed","ping_status":"closed","sticky":false,"template":"","format":"standard","meta":{"footnotes":""},"categories":[19],"tags":[],"yoast_head":"<!-- This site is optimized with the Yoast SEO Premium plugin v19.5 (Yoast SEO v19.10) - https:\/\/yoast.com\/wordpress\/plugins\/seo\/ -->\n<title>X Jornades de Vialitat Hivernal | Autopistas<\/title>\n<meta name=\"robots\" content=\"index, follow, max-snippet:-1, max-image-preview:large, max-video-preview:-1\" \/>\n<link rel=\"canonical\" href=\"https:\/\/www.autopistas.com\/ca\/x-jornades-vialitat-hivernal\/\" \/>\n<meta property=\"og:locale\" content=\"ca_ES\" \/>\n<meta property=\"og:type\" content=\"article\" \/>\n<meta property=\"og:title\" content=\"X Jornades de Vialitat Hivernal\" \/>\n<meta property=\"og:description\" content=\"Autopistas ha participado, durante los d\u00edas 14, 15 y 16 de marzo, en las X Jornadas de Vialidad Invernal organizadas por la Asociaci\u00f3n T\u00e9cnica de Carreteras, al amparo del Ministerio de Fomento Con la participaci\u00f3n de m\u00e1s de 400 expertos en la materia, la celebraci\u00f3n constituye, adem\u00e1s de un punto de encuentro del sector, un ...\" \/>\n<meta property=\"og:url\" content=\"https:\/\/www.autopistas.com\/ca\/x-jornades-vialitat-hivernal\/\" \/>\n<meta property=\"og:site_name\" content=\"Autopistas\" \/>\n<meta property=\"article:published_time\" content=\"2017-03-16T16:18:11+00:00\" \/>\n<meta property=\"article:modified_time\" content=\"2017-12-13T11:08:44+00:00\" \/>\n<meta property=\"og:image\" content=\"https:\/\/www.autopistas.com\/wp-content\/uploads\/2017\/03\/20170316_091710.jpg\" \/>\n\t<meta property=\"og:image:width\" content=\"1200\" \/>\n\t<meta property=\"og:image:height\" content=\"675\" \/>\n\t<meta property=\"og:image:type\" content=\"image\/jpeg\" \/>\n<meta name=\"author\" content=\"editor.factorsim\" \/>\n<meta name=\"twitter:card\" content=\"summary_large_image\" \/>\n<meta name=\"twitter:label1\" content=\"Escrit per\" \/>\n\t<meta name=\"twitter:data1\" content=\"editor.factorsim\" \/>\n\t<meta name=\"twitter:label2\" content=\"Temps estimat de lectura\" \/>\n\t<meta name=\"twitter:data2\" content=\"1 minut\" \/>\n<script type=\"application\/ld+json\" class=\"yoast-schema-graph\">{\"@context\":\"https:\/\/schema.org\",\"@graph\":[{\"@type\":\"WebPage\",\"@id\":\"https:\/\/www.autopistas.com\/ca\/x-jornades-vialitat-hivernal\/\",\"url\":\"https:\/\/www.autopistas.com\/ca\/x-jornades-vialitat-hivernal\/\",\"name\":\"X Jornades de Vialitat Hivernal | Autopistas\",\"isPartOf\":{\"@id\":\"https:\/\/www.autopistas.com\/ca\/#website\"},\"datePublished\":\"2017-03-16T16:18:11+00:00\",\"dateModified\":\"2017-12-13T11:08:44+00:00\",\"author\":{\"@id\":\"https:\/\/www.autopistas.com\/ca\/#\/schema\/person\/cb2b88aae592dcde26a0e9ea5cc4baa9\"},\"breadcrumb\":{\"@id\":\"https:\/\/www.autopistas.com\/ca\/x-jornades-vialitat-hivernal\/#breadcrumb\"},\"inLanguage\":\"ca\",\"potentialAction\":[{\"@type\":\"ReadAction\",\"target\":[\"https:\/\/www.autopistas.com\/ca\/x-jornades-vialitat-hivernal\/\"]}]},{\"@type\":\"BreadcrumbList\",\"@id\":\"https:\/\/www.autopistas.com\/ca\/x-jornades-vialitat-hivernal\/#breadcrumb\",\"itemListElement\":[{\"@type\":\"ListItem\",\"position\":1,\"name\":\"Portada\",\"item\":\"https:\/\/www.autopistas.com\/ca\/\"},{\"@type\":\"ListItem\",\"position\":2,\"name\":\"X Jornades de Vialitat Hivernal\"}]},{\"@type\":\"WebSite\",\"@id\":\"https:\/\/www.autopistas.com\/ca\/#website\",\"url\":\"https:\/\/www.autopistas.com\/ca\/\",\"name\":\"Autopistas\",\"description\":\"Autopistas, Contigo Hasta Donde Quieras Llegar\",\"potentialAction\":[{\"@type\":\"SearchAction\",\"target\":{\"@type\":\"EntryPoint\",\"urlTemplate\":\"https:\/\/www.autopistas.com\/ca\/?s={search_term_string}\"},\"query-input\":\"required name=search_term_string\"}],\"inLanguage\":\"ca\"},{\"@type\":\"Person\",\"@id\":\"https:\/\/www.autopistas.com\/ca\/#\/schema\/person\/cb2b88aae592dcde26a0e9ea5cc4baa9\",\"name\":\"editor.factorsim\",\"image\":{\"@type\":\"ImageObject\",\"inLanguage\":\"ca\",\"@id\":\"https:\/\/www.autopistas.com\/ca\/#\/schema\/person\/image\/\",\"url\":\"https:\/\/secure.gravatar.com\/avatar\/c3195ffe951a3cff97d71167ff2e6ba8?s=96&d=mm&r=g\",\"contentUrl\":\"https:\/\/secure.gravatar.com\/avatar\/c3195ffe951a3cff97d71167ff2e6ba8?s=96&d=mm&r=g\",\"caption\":\"editor.factorsim\"}}]}<\/script>\n<!-- \/ Yoast SEO Premium plugin. -->","yoast_head_json":{"title":"X Jornades de Vialitat Hivernal | Autopistas","robots":{"index":"index","follow":"follow","max-snippet":"max-snippet:-1","max-image-preview":"max-image-preview:large","max-video-preview":"max-video-preview:-1"},"canonical":"https:\/\/www.autopistas.com\/ca\/x-jornades-vialitat-hivernal\/","og_locale":"ca_ES","og_type":"article","og_title":"X Jornades de Vialitat Hivernal","og_description":"Autopistas ha participado, durante los d\u00edas 14, 15 y 16 de marzo, en las X Jornadas de Vialidad Invernal organizadas por la Asociaci\u00f3n T\u00e9cnica de Carreteras, al amparo del Ministerio de Fomento Con la participaci\u00f3n de m\u00e1s de 400 expertos en la materia, la celebraci\u00f3n constituye, adem\u00e1s de un punto de encuentro del sector, un ...","og_url":"https:\/\/www.autopistas.com\/ca\/x-jornades-vialitat-hivernal\/","og_site_name":"Autopistas","article_published_time":"2017-03-16T16:18:11+00:00","article_modified_time":"2017-12-13T11:08:44+00:00","og_image":[{"width":1200,"height":675,"url":"https:\/\/www.autopistas.com\/wp-content\/uploads\/2017\/03\/20170316_091710.jpg","type":"image\/jpeg"}],"author":"editor.factorsim","twitter_card":"summary_large_image","twitter_misc":{"Escrit per":"editor.factorsim","Temps estimat de lectura":"1 minut"},"schema":{"@context":"https:\/\/schema.org","@graph":[{"@type":"WebPage","@id":"https:\/\/www.autopistas.com\/ca\/x-jornades-vialitat-hivernal\/","url":"https:\/\/www.autopistas.com\/ca\/x-jornades-vialitat-hivernal\/","name":"X Jornades de Vialitat Hivernal | Autopistas","isPartOf":{"@id":"https:\/\/www.autopistas.com\/ca\/#website"},"datePublished":"2017-03-16T16:18:11+00:00","dateModified":"2017-12-13T11:08:44+00:00","author":{"@id":"https:\/\/www.autopistas.com\/ca\/#\/schema\/person\/cb2b88aae592dcde26a0e9ea5cc4baa9"},"breadcrumb":{"@id":"https:\/\/www.autopistas.com\/ca\/x-jornades-vialitat-hivernal\/#breadcrumb"},"inLanguage":"ca","potentialAction":[{"@type":"ReadAction","target":["https:\/\/www.autopistas.com\/ca\/x-jornades-vialitat-hivernal\/"]}]},{"@type":"BreadcrumbList","@id":"https:\/\/www.autopistas.com\/ca\/x-jornades-vialitat-hivernal\/#breadcrumb","itemListElement":[{"@type":"ListItem","position":1,"name":"Portada","item":"https:\/\/www.autopistas.com\/ca\/"},{"@type":"ListItem","position":2,"name":"X Jornades de Vialitat Hivernal"}]},{"@type":"WebSite","@id":"https:\/\/www.autopistas.com\/ca\/#website","url":"https:\/\/www.autopistas.com\/ca\/","name":"Autopistas","description":"Autopistas, Contigo Hasta Donde Quieras Llegar","potentialAction":[{"@type":"SearchAction","target":{"@type":"EntryPoint","urlTemplate":"https:\/\/www.autopistas.com\/ca\/?s={search_term_string}"},"query-input":"required name=search_term_string"}],"inLanguage":"ca"},{"@type":"Person","@id":"https:\/\/www.autopistas.com\/ca\/#\/schema\/person\/cb2b88aae592dcde26a0e9ea5cc4baa9","name":"editor.factorsim","image":{"@type":"ImageObject","inLanguage":"ca","@id":"https:\/\/www.autopistas.com\/ca\/#\/schema\/person\/image\/","url":"https:\/\/secure.gravatar.com\/avatar\/c3195ffe951a3cff97d71167ff2e6ba8?s=96&d=mm&r=g","contentUrl":"https:\/\/secure.gravatar.com\/avatar\/c3195ffe951a3cff97d71167ff2e6ba8?s=96&d=mm&r=g","caption":"editor.factorsim"}}]}},"_links":{"self":[{"href":"https:\/\/www.autopistas.com\/ca\/wp-json\/wp\/v2\/posts\/26537"}],"collection":[{"href":"https:\/\/www.autopistas.com\/ca\/wp-json\/wp\/v2\/posts"}],"about":[{"href":"https:\/\/www.autopistas.com\/ca\/wp-json\/wp\/v2\/types\/post"}],"author":[{"embeddable":true,"href":"https:\/\/www.autopistas.com\/ca\/wp-json\/wp\/v2\/users\/5"}],"replies":[{"embeddable":true,"href":"https:\/\/www.autopistas.com\/ca\/wp-json\/wp\/v2\/comments?post=26537"}],"version-history":[{"count":2,"href":"https:\/\/www.autopistas.com\/ca\/wp-json\/wp\/v2\/posts\/26537\/revisions"}],"predecessor-version":[{"id":26543,"href":"https:\/\/www.autopistas.com\/ca\/wp-json\/wp\/v2\/posts\/26537\/revisions\/26543"}],"wp:featuredmedia":[{"embeddable":true,"href":"https:\/\/www.autopistas.com\/ca\/wp-json\/wp\/v2\/media\/7475"}],"wp:attachment":[{"href":"https:\/\/www.autopistas.com\/ca\/wp-json\/wp\/v2\/media?parent=26537"}],"wp:term":[{"taxonomy":"category","embeddable":true,"href":"https:\/\/www.autopistas.com\/ca\/wp-json\/wp\/v2\/categories?post=26537"},{"taxonomy":"post_tag","embeddable":true,"href":"https:\/\/www.autopistas.com\/ca\/wp-json\/wp\/v2\/tags?post=26537"}],"curies":[{"name":"wp","href":"https:\/\/api.w.org\/{rel}","templated":true}]}}