{"id":26645,"date":"2014-07-03T11:10:23","date_gmt":"2014-07-03T09:10:23","guid":{"rendered":"https:\/\/www.autopistas.com\/sinaugura-vilademuls-un-nou-enllac-a-lautopista-ap-7\/"},"modified":"2017-12-13T15:17:18","modified_gmt":"2017-12-13T14:17:18","slug":"sinaugura-vilademuls-un-nou-enllac-a-lautopista-ap-7","status":"publish","type":"post","link":"https:\/\/www.autopistas.com\/ca\/sinaugura-vilademuls-un-nou-enllac-a-lautopista-ap-7\/","title":{"rendered":"S&#8217;inaugura Vilademuls, un nou enlla\u00e7 a l&#8217;autopista AP-7"},"content":{"rendered":"<p>Autopistas va inaugurar el passat 1 de juliol el nou enlla\u00e7 de l&#8217;autopista AP-7 a Vilademuls, que connecta l&#8217;autopista AP-7 amb la carretera N-II. En l&#8217;acte van participar la ministra de Foment, Ana Pastor, i el conseller delegat d&#8217;Abertis, Francisco Reyn\u00e9s. Tamb\u00e9 es va comptar amb la pres\u00e8ncia de la delegada del Govern a Catalunya, Mar\u00eda Llanos de Luna; del director general de Transports i Mobilitat de la Generalitat de Catalunya, Pere Padrosa; i del director general d&#8217;Abertis Autopistes Espanya, Josep Llu\u00eds Gim\u00e9nez.<\/p>\n<p>Aquest enlla\u00e7 es va posar en funcionament amb una connexi\u00f3 provisional, ja que est\u00e0 previst que les obres de la connexi\u00f3 definitiva estiguin a punt a finals d&#8217;any. Juntament amb els enlla\u00e7os existents de Girona Sud, Girona Nord, Girona Oest i Fornells, l&#8217;acc\u00e9s de Vilademuls configura la circumval \u00b7 laci\u00f3 gratu\u00efta de la ciutat de Girona a trav\u00e9s de l&#8217;autopista AP-7, en la qual s&#8217;integra la N-II, comportant una configuraci\u00f3 de quatre carrils en aquests 20 quil\u00f2metres. El tram compr\u00e8s entre Fornells i Vilademuls mantindr\u00e0 la seva gratu\u00eftat per als moviments interns entre aquests cinc enlla\u00e7os.<\/p>\n<p>Amb l&#8217;obertura de Vilademuls, Autopistas finalitza les obres del projecte d&#8217;ampliaci\u00f3 de l&#8217;autopista AP-7, que han representat la creaci\u00f3 d&#8217;un tercer carril al llarg d&#8217;un total de 78 quil\u00f2metres a les comarques de Girona, i que la companyia ha executat en el seu conjunt al llarg d&#8217;un total de 125 quil\u00f2metres entre la Jonquera i Vila-seca-Salou (Tarragona). Aquest projecte ha dotat a l&#8217;autopista de major capacitat i millors condicions de servei als usuaris de l&#8217;autopista.<\/p>\n","protected":false},"excerpt":{"rendered":"<p>Autopistas va inaugurar el passat 1 de juliol el nou enlla\u00e7 de l&#8217;autopista AP-7 a Vilademuls, que connecta l&#8217;autopista AP-7 amb la carretera N-II. En l&#8217;acte van participar la ministra de Foment, Ana Pastor, i el conseller delegat d&#8217;Abertis, Francisco Reyn\u00e9s. Tamb\u00e9 es va comptar amb la pres\u00e8ncia de la delegada del Govern a Catalunya, &#8230;<\/p>\n","protected":false},"author":1,"featured_media":0,"comment_status":"closed","ping_status":"open","sticky":false,"template":"","format":"standard","meta":{"footnotes":""},"categories":[19],"tags":[],"yoast_head":"<!-- This site is optimized with the Yoast SEO Premium plugin v19.5 (Yoast SEO v19.10) - https:\/\/yoast.com\/wordpress\/plugins\/seo\/ -->\n<title>S&#039;inaugura Vilademuls, un nou enlla\u00e7 a l&#039;autopista AP-7 | Autopistas<\/title>\n<meta name=\"robots\" content=\"index, follow, max-snippet:-1, max-image-preview:large, max-video-preview:-1\" \/>\n<link rel=\"canonical\" href=\"https:\/\/www.autopistas.com\/ca\/sinaugura-vilademuls-un-nou-enllac-a-lautopista-ap-7\/\" \/>\n<meta property=\"og:locale\" content=\"ca_ES\" \/>\n<meta property=\"og:type\" content=\"article\" \/>\n<meta property=\"og:title\" content=\"S&#039;inaugura Vilademuls, un nou enlla\u00e7 a l&#039;autopista AP-7\" \/>\n<meta property=\"og:description\" content=\"Autopistas va inaugurar el passat 1 de juliol el nou enlla\u00e7 de l&#8217;autopista AP-7 a Vilademuls, que connecta l&#8217;autopista AP-7 amb la carretera N-II. En l&#8217;acte van participar la ministra de Foment, Ana Pastor, i el conseller delegat d&#8217;Abertis, Francisco Reyn\u00e9s. Tamb\u00e9 es va comptar amb la pres\u00e8ncia de la delegada del Govern a Catalunya, ...\" \/>\n<meta property=\"og:url\" content=\"https:\/\/www.autopistas.com\/ca\/sinaugura-vilademuls-un-nou-enllac-a-lautopista-ap-7\/\" \/>\n<meta property=\"og:site_name\" content=\"Autopistas\" \/>\n<meta property=\"article:published_time\" content=\"2014-07-03T09:10:23+00:00\" \/>\n<meta property=\"article:modified_time\" content=\"2017-12-13T14:17:18+00:00\" \/>\n<meta name=\"author\" content=\"user\" \/>\n<meta name=\"twitter:card\" content=\"summary_large_image\" \/>\n<meta name=\"twitter:creator\" content=\"@Javier\" \/>\n<meta name=\"twitter:label1\" content=\"Escrit per\" \/>\n\t<meta name=\"twitter:data1\" content=\"user\" \/>\n\t<meta name=\"twitter:label2\" content=\"Temps estimat de lectura\" \/>\n\t<meta name=\"twitter:data2\" content=\"1 minut\" \/>\n<script type=\"application\/ld+json\" class=\"yoast-schema-graph\">{\"@context\":\"https:\/\/schema.org\",\"@graph\":[{\"@type\":\"WebPage\",\"@id\":\"https:\/\/www.autopistas.com\/ca\/sinaugura-vilademuls-un-nou-enllac-a-lautopista-ap-7\/\",\"url\":\"https:\/\/www.autopistas.com\/ca\/sinaugura-vilademuls-un-nou-enllac-a-lautopista-ap-7\/\",\"name\":\"S'inaugura Vilademuls, un nou enlla\u00e7 a l'autopista AP-7 | Autopistas\",\"isPartOf\":{\"@id\":\"https:\/\/www.autopistas.com\/ca\/#website\"},\"datePublished\":\"2014-07-03T09:10:23+00:00\",\"dateModified\":\"2017-12-13T14:17:18+00:00\",\"author\":{\"@id\":\"https:\/\/www.autopistas.com\/ca\/#\/schema\/person\/b6248b63732e128acf9c7b0093816e08\"},\"breadcrumb\":{\"@id\":\"https:\/\/www.autopistas.com\/ca\/sinaugura-vilademuls-un-nou-enllac-a-lautopista-ap-7\/#breadcrumb\"},\"inLanguage\":\"ca\",\"potentialAction\":[{\"@type\":\"ReadAction\",\"target\":[\"https:\/\/www.autopistas.com\/ca\/sinaugura-vilademuls-un-nou-enllac-a-lautopista-ap-7\/\"]}]},{\"@type\":\"BreadcrumbList\",\"@id\":\"https:\/\/www.autopistas.com\/ca\/sinaugura-vilademuls-un-nou-enllac-a-lautopista-ap-7\/#breadcrumb\",\"itemListElement\":[{\"@type\":\"ListItem\",\"position\":1,\"name\":\"Portada\",\"item\":\"https:\/\/www.autopistas.com\/ca\/\"},{\"@type\":\"ListItem\",\"position\":2,\"name\":\"S&#8217;inaugura Vilademuls, un nou enlla\u00e7 a l&#8217;autopista AP-7\"}]},{\"@type\":\"WebSite\",\"@id\":\"https:\/\/www.autopistas.com\/ca\/#website\",\"url\":\"https:\/\/www.autopistas.com\/ca\/\",\"name\":\"Autopistas\",\"description\":\"Autopistas, Contigo Hasta Donde Quieras Llegar\",\"potentialAction\":[{\"@type\":\"SearchAction\",\"target\":{\"@type\":\"EntryPoint\",\"urlTemplate\":\"https:\/\/www.autopistas.com\/ca\/?s={search_term_string}\"},\"query-input\":\"required name=search_term_string\"}],\"inLanguage\":\"ca\"},{\"@type\":\"Person\",\"@id\":\"https:\/\/www.autopistas.com\/ca\/#\/schema\/person\/b6248b63732e128acf9c7b0093816e08\",\"name\":\"user\",\"image\":{\"@type\":\"ImageObject\",\"inLanguage\":\"ca\",\"@id\":\"https:\/\/www.autopistas.com\/ca\/#\/schema\/person\/image\/\",\"url\":\"https:\/\/secure.gravatar.com\/avatar\/18532797449e7608459f421d3cda81b1?s=96&d=mm&r=g\",\"contentUrl\":\"https:\/\/secure.gravatar.com\/avatar\/18532797449e7608459f421d3cda81b1?s=96&d=mm&r=g\",\"caption\":\"user\"},\"sameAs\":[\"https:\/\/twitter.com\/Javier\"]}]}<\/script>\n<!-- \/ Yoast SEO Premium plugin. -->","yoast_head_json":{"title":"S'inaugura Vilademuls, un nou enlla\u00e7 a l'autopista AP-7 | Autopistas","robots":{"index":"index","follow":"follow","max-snippet":"max-snippet:-1","max-image-preview":"max-image-preview:large","max-video-preview":"max-video-preview:-1"},"canonical":"https:\/\/www.autopistas.com\/ca\/sinaugura-vilademuls-un-nou-enllac-a-lautopista-ap-7\/","og_locale":"ca_ES","og_type":"article","og_title":"S'inaugura Vilademuls, un nou enlla\u00e7 a l'autopista AP-7","og_description":"Autopistas va inaugurar el passat 1 de juliol el nou enlla\u00e7 de l&#8217;autopista AP-7 a Vilademuls, que connecta l&#8217;autopista AP-7 amb la carretera N-II. En l&#8217;acte van participar la ministra de Foment, Ana Pastor, i el conseller delegat d&#8217;Abertis, Francisco Reyn\u00e9s. Tamb\u00e9 es va comptar amb la pres\u00e8ncia de la delegada del Govern a Catalunya, ...","og_url":"https:\/\/www.autopistas.com\/ca\/sinaugura-vilademuls-un-nou-enllac-a-lautopista-ap-7\/","og_site_name":"Autopistas","article_published_time":"2014-07-03T09:10:23+00:00","article_modified_time":"2017-12-13T14:17:18+00:00","author":"user","twitter_card":"summary_large_image","twitter_creator":"@Javier","twitter_misc":{"Escrit per":"user","Temps estimat de lectura":"1 minut"},"schema":{"@context":"https:\/\/schema.org","@graph":[{"@type":"WebPage","@id":"https:\/\/www.autopistas.com\/ca\/sinaugura-vilademuls-un-nou-enllac-a-lautopista-ap-7\/","url":"https:\/\/www.autopistas.com\/ca\/sinaugura-vilademuls-un-nou-enllac-a-lautopista-ap-7\/","name":"S'inaugura Vilademuls, un nou enlla\u00e7 a l'autopista AP-7 | Autopistas","isPartOf":{"@id":"https:\/\/www.autopistas.com\/ca\/#website"},"datePublished":"2014-07-03T09:10:23+00:00","dateModified":"2017-12-13T14:17:18+00:00","author":{"@id":"https:\/\/www.autopistas.com\/ca\/#\/schema\/person\/b6248b63732e128acf9c7b0093816e08"},"breadcrumb":{"@id":"https:\/\/www.autopistas.com\/ca\/sinaugura-vilademuls-un-nou-enllac-a-lautopista-ap-7\/#breadcrumb"},"inLanguage":"ca","potentialAction":[{"@type":"ReadAction","target":["https:\/\/www.autopistas.com\/ca\/sinaugura-vilademuls-un-nou-enllac-a-lautopista-ap-7\/"]}]},{"@type":"BreadcrumbList","@id":"https:\/\/www.autopistas.com\/ca\/sinaugura-vilademuls-un-nou-enllac-a-lautopista-ap-7\/#breadcrumb","itemListElement":[{"@type":"ListItem","position":1,"name":"Portada","item":"https:\/\/www.autopistas.com\/ca\/"},{"@type":"ListItem","position":2,"name":"S&#8217;inaugura Vilademuls, un nou enlla\u00e7 a l&#8217;autopista AP-7"}]},{"@type":"WebSite","@id":"https:\/\/www.autopistas.com\/ca\/#website","url":"https:\/\/www.autopistas.com\/ca\/","name":"Autopistas","description":"Autopistas, Contigo Hasta Donde Quieras Llegar","potentialAction":[{"@type":"SearchAction","target":{"@type":"EntryPoint","urlTemplate":"https:\/\/www.autopistas.com\/ca\/?s={search_term_string}"},"query-input":"required name=search_term_string"}],"inLanguage":"ca"},{"@type":"Person","@id":"https:\/\/www.autopistas.com\/ca\/#\/schema\/person\/b6248b63732e128acf9c7b0093816e08","name":"user","image":{"@type":"ImageObject","inLanguage":"ca","@id":"https:\/\/www.autopistas.com\/ca\/#\/schema\/person\/image\/","url":"https:\/\/secure.gravatar.com\/avatar\/18532797449e7608459f421d3cda81b1?s=96&d=mm&r=g","contentUrl":"https:\/\/secure.gravatar.com\/avatar\/18532797449e7608459f421d3cda81b1?s=96&d=mm&r=g","caption":"user"},"sameAs":["https:\/\/twitter.com\/Javier"]}]}},"_links":{"self":[{"href":"https:\/\/www.autopistas.com\/ca\/wp-json\/wp\/v2\/posts\/26645"}],"collection":[{"href":"https:\/\/www.autopistas.com\/ca\/wp-json\/wp\/v2\/posts"}],"about":[{"href":"https:\/\/www.autopistas.com\/ca\/wp-json\/wp\/v2\/types\/post"}],"author":[{"embeddable":true,"href":"https:\/\/www.autopistas.com\/ca\/wp-json\/wp\/v2\/users\/1"}],"replies":[{"embeddable":true,"href":"https:\/\/www.autopistas.com\/ca\/wp-json\/wp\/v2\/comments?post=26645"}],"version-history":[{"count":1,"href":"https:\/\/www.autopistas.com\/ca\/wp-json\/wp\/v2\/posts\/26645\/revisions"}],"predecessor-version":[{"id":26650,"href":"https:\/\/www.autopistas.com\/ca\/wp-json\/wp\/v2\/posts\/26645\/revisions\/26650"}],"wp:attachment":[{"href":"https:\/\/www.autopistas.com\/ca\/wp-json\/wp\/v2\/media?parent=26645"}],"wp:term":[{"taxonomy":"category","embeddable":true,"href":"https:\/\/www.autopistas.com\/ca\/wp-json\/wp\/v2\/categories?post=26645"},{"taxonomy":"post_tag","embeddable":true,"href":"https:\/\/www.autopistas.com\/ca\/wp-json\/wp\/v2\/tags?post=26645"}],"curies":[{"name":"wp","href":"https:\/\/api.w.org\/{rel}","templated":true}]}}