{"id":26736,"date":"2017-09-21T17:35:33","date_gmt":"2017-09-21T15:35:33","guid":{"rendered":"https:\/\/www.autopistas.com\/dia-sense-victimes-a-les-carreteres-europees\/"},"modified":"2017-12-14T11:45:07","modified_gmt":"2017-12-14T10:45:07","slug":"dia-sense-victimes-a-les-carreteres-europees","status":"publish","type":"post","link":"https:\/\/www.autopistas.com\/ca\/dia-sense-victimes-a-les-carreteres-europees\/","title":{"rendered":"Dia sense v\u00edctimes a les carreteres europees"},"content":{"rendered":"<div class=\"wpb-content-wrapper\"><p>[vc_row][vc_column][vc_column_text]<u><strong>El meu comprom\u00eds amb la seguretat vi\u00e0ria<\/strong><\/u><\/p>\n<p><em><strong>Jo prometo que:<\/strong><\/em><\/p>\n<ul>\n<li>\u00a0Recordar\u00e9 a la meva fam\u00edlia, amics i companys que extremin l&#8217;atenci\u00f3 a les carreteres.<\/li>\n<li>\u00a0Encendr\u00e9 els meus llums per seguretat.<\/li>\n<li>\u00a0Conduir\u00e9 tan prudentment com em sigui possible i respectar\u00e9 les normes de Seguretat Vi\u00e0ria quan em trobi al volant, i quan circuli en una motocicleta o amb bicicleta.<\/li>\n<li>\u00a0Conduir\u00e9 sempre dins dels l\u00edmits de velocitat establerts i segurs.<\/li>\n<li>\u00a0Portar\u00e9 a terme controls peri\u00f2dics de l&#8217;estat dels meus pneum\u00e0tics.<\/li>\n<li>\u00a0Prestar\u00e9 especial atenci\u00f3 quan condueixi a les proximitats d &#8216;escoles i de llocs amb gran aflu\u00e8ncia de nens.<\/li>\n<li>\u00a0Mai conduir\u00e9 sota la influ\u00e8ncia de begudes alcoh\u00f2liques, drogues o medicaments, pel fet que s\u00f3n comportaments que posen en risc la Seguretat Vi\u00e0ria.<\/li>\n<li>\u00a0Mantindr\u00e9 una prudent dist\u00e0ncia de seguretat, i no atossigar\u00e9 als vehicles que em precedeixen.<\/li>\n<li>\u00a0Sempre far\u00e9 \u00fas del cintur\u00f3 de seguretat i m&#8217;assegurar\u00e9 que la resta de passatgers es corden el seu.<\/li>\n<li>\u00a0Mai far\u00e9 servir el tel\u00e8fon m\u00f2bil mentre condueixo.<\/li>\n<li>\u00a0Mai em distraur\u00e9 amb res de l&#8217;interior o exterior del vehicle, ni tan sols amb els meus propis pensaments.<\/li>\n<li>\u00a0Ser\u00e9 un bon exemple per als meus passatgers, conduint amb calma i seguretat.<\/li>\n<\/ul>\n<p>Autopistas, com empresa l\u00edder en la gesti\u00f3 d&#8217;autopistes segures, intel\u00b7ligents i sostenibles s&#8217;ha certificat d&#8217;acord amb la norma\u00a0<a href=\"https:\/\/www.autopistas.com\/es\/abertis-autopistas-da-un-paso-mas-hacia-la-accidentalidad-cero-y-consigue-la-maxima-certificacion-en\" target=\"_blank\" rel=\"noopener\">UNE-ISO 39001<\/a>. Aquesta distinci\u00f3 avala l&#8217;excel\u00b7lent gesti\u00f3 de la Seguretat Vi\u00e0ria en les operacions realitzades per l&#8217;equip de professionals de la companyia en totes les autopistes que gestiona per tal de garantir unes infraestructures m\u00e9s segures per als usuaris, i fer un pas m\u00e9s cap a l&#8217;accidentalitat zero.[\/vc_column_text][\/vc_column][\/vc_row][vc_row content_placement=&#8221;middle&#8221;][vc_column width=&#8221;1\/6&#8243;][\/vc_column][vc_column width=&#8221;2\/3&#8243;][vc_wp_text]<\/p>\n<blockquote class=\"twitter-video\" data-lang=\"en\">\n<p dir=\"ltr\" lang=\"es\">Cuenta atr\u00e1s&#8230;para salvar la vida de 70 personas<br \/>\nD\u00eda Europeo sin V\u00edctimas en Carretera <a href=\"https:\/\/twitter.com\/hashtag\/ProjectEdward?src=hash&amp;ref_src=twsrc%5Etfw\">#ProjectEdward<\/a><br \/>\n21 de sept y cada d\u00eda <a href=\"https:\/\/t.co\/VGghYlMkYd\">pic.twitter.com\/VGghYlMkYd<\/a><\/p>\n<p>\u2014 Dir. Gral. Tr\u00e1fico (@DGTes) <a href=\"https:\/\/twitter.com\/DGTes\/status\/909741384902615040?ref_src=twsrc%5Etfw\">September 18, 2017<\/a><\/p><\/blockquote>\n<p><script async src=\"https:\/\/platform.twitter.com\/widgets.js\" charset=\"utf-8\"><\/script>[\/vc_wp_text][\/vc_column][vc_column width=&#8221;1\/6&#8243;][\/vc_column][\/vc_row]<\/p>\n<\/div>","protected":false},"excerpt":{"rendered":"<p>[vc_row][vc_column][vc_column_text]El meu comprom\u00eds amb la seguretat vi\u00e0ria Jo prometo que: \u00a0Recordar\u00e9 a la meva fam\u00edlia, amics i companys que extremin l&#8217;atenci\u00f3 a les carreteres. \u00a0Encendr\u00e9 els meus llums per seguretat. \u00a0Conduir\u00e9 tan prudentment com em sigui possible i respectar\u00e9 les normes de Seguretat Vi\u00e0ria quan em trobi al volant, i quan circuli en una motocicleta &#8230;<\/p>\n","protected":false},"author":1,"featured_media":26732,"comment_status":"closed","ping_status":"open","sticky":false,"template":"","format":"standard","meta":{"footnotes":""},"categories":[11,19],"tags":[],"yoast_head":"<!-- This site is optimized with the Yoast SEO Premium plugin v19.5 (Yoast SEO v19.10) - https:\/\/yoast.com\/wordpress\/plugins\/seo\/ -->\n<title>Dia sense v\u00edctimes a les carreteres europees | Autopistas<\/title>\n<meta name=\"robots\" content=\"index, follow, max-snippet:-1, max-image-preview:large, max-video-preview:-1\" \/>\n<link rel=\"canonical\" href=\"https:\/\/www.autopistas.com\/ca\/dia-sense-victimes-a-les-carreteres-europees\/\" \/>\n<meta property=\"og:locale\" content=\"ca_ES\" \/>\n<meta property=\"og:type\" content=\"article\" \/>\n<meta property=\"og:title\" content=\"Dia sense v\u00edctimes a les carreteres europees\" \/>\n<meta property=\"og:description\" content=\"[vc_row][vc_column][vc_column_text]El meu comprom\u00eds amb la seguretat vi\u00e0ria Jo prometo que: \u00a0Recordar\u00e9 a la meva fam\u00edlia, amics i companys que extremin l&#8217;atenci\u00f3 a les carreteres. \u00a0Encendr\u00e9 els meus llums per seguretat. \u00a0Conduir\u00e9 tan prudentment com em sigui possible i respectar\u00e9 les normes de Seguretat Vi\u00e0ria quan em trobi al volant, i quan circuli en una motocicleta ...\" \/>\n<meta property=\"og:url\" content=\"https:\/\/www.autopistas.com\/ca\/dia-sense-victimes-a-les-carreteres-europees\/\" \/>\n<meta property=\"og:site_name\" content=\"Autopistas\" \/>\n<meta property=\"article:published_time\" content=\"2017-09-21T15:35:33+00:00\" \/>\n<meta property=\"article:modified_time\" content=\"2017-12-14T10:45:07+00:00\" \/>\n<meta property=\"og:image\" content=\"https:\/\/www.autopistas.com\/wp-content\/uploads\/2017\/12\/edward_page_logo.jpg\" \/>\n\t<meta property=\"og:image:width\" content=\"286\" \/>\n\t<meta property=\"og:image:height\" content=\"320\" \/>\n\t<meta property=\"og:image:type\" content=\"image\/jpeg\" \/>\n<meta name=\"author\" content=\"user\" \/>\n<meta name=\"twitter:card\" content=\"summary_large_image\" \/>\n<meta name=\"twitter:creator\" content=\"@Javier\" \/>\n<meta name=\"twitter:label1\" content=\"Escrit per\" \/>\n\t<meta name=\"twitter:data1\" content=\"user\" \/>\n\t<meta name=\"twitter:label2\" content=\"Temps estimat de lectura\" \/>\n\t<meta name=\"twitter:data2\" content=\"2 minuts\" \/>\n<script type=\"application\/ld+json\" class=\"yoast-schema-graph\">{\"@context\":\"https:\/\/schema.org\",\"@graph\":[{\"@type\":\"WebPage\",\"@id\":\"https:\/\/www.autopistas.com\/ca\/dia-sense-victimes-a-les-carreteres-europees\/\",\"url\":\"https:\/\/www.autopistas.com\/ca\/dia-sense-victimes-a-les-carreteres-europees\/\",\"name\":\"Dia sense v\u00edctimes a les carreteres europees | Autopistas\",\"isPartOf\":{\"@id\":\"https:\/\/www.autopistas.com\/ca\/#website\"},\"datePublished\":\"2017-09-21T15:35:33+00:00\",\"dateModified\":\"2017-12-14T10:45:07+00:00\",\"author\":{\"@id\":\"https:\/\/www.autopistas.com\/ca\/#\/schema\/person\/b6248b63732e128acf9c7b0093816e08\"},\"breadcrumb\":{\"@id\":\"https:\/\/www.autopistas.com\/ca\/dia-sense-victimes-a-les-carreteres-europees\/#breadcrumb\"},\"inLanguage\":\"ca\",\"potentialAction\":[{\"@type\":\"ReadAction\",\"target\":[\"https:\/\/www.autopistas.com\/ca\/dia-sense-victimes-a-les-carreteres-europees\/\"]}]},{\"@type\":\"BreadcrumbList\",\"@id\":\"https:\/\/www.autopistas.com\/ca\/dia-sense-victimes-a-les-carreteres-europees\/#breadcrumb\",\"itemListElement\":[{\"@type\":\"ListItem\",\"position\":1,\"name\":\"Portada\",\"item\":\"https:\/\/www.autopistas.com\/ca\/\"},{\"@type\":\"ListItem\",\"position\":2,\"name\":\"Dia sense v\u00edctimes a les carreteres europees\"}]},{\"@type\":\"WebSite\",\"@id\":\"https:\/\/www.autopistas.com\/ca\/#website\",\"url\":\"https:\/\/www.autopistas.com\/ca\/\",\"name\":\"Autopistas\",\"description\":\"Autopistas, Contigo Hasta Donde Quieras Llegar\",\"potentialAction\":[{\"@type\":\"SearchAction\",\"target\":{\"@type\":\"EntryPoint\",\"urlTemplate\":\"https:\/\/www.autopistas.com\/ca\/?s={search_term_string}\"},\"query-input\":\"required name=search_term_string\"}],\"inLanguage\":\"ca\"},{\"@type\":\"Person\",\"@id\":\"https:\/\/www.autopistas.com\/ca\/#\/schema\/person\/b6248b63732e128acf9c7b0093816e08\",\"name\":\"user\",\"image\":{\"@type\":\"ImageObject\",\"inLanguage\":\"ca\",\"@id\":\"https:\/\/www.autopistas.com\/ca\/#\/schema\/person\/image\/\",\"url\":\"https:\/\/secure.gravatar.com\/avatar\/18532797449e7608459f421d3cda81b1?s=96&d=mm&r=g\",\"contentUrl\":\"https:\/\/secure.gravatar.com\/avatar\/18532797449e7608459f421d3cda81b1?s=96&d=mm&r=g\",\"caption\":\"user\"},\"sameAs\":[\"https:\/\/twitter.com\/Javier\"]}]}<\/script>\n<!-- \/ Yoast SEO Premium plugin. -->","yoast_head_json":{"title":"Dia sense v\u00edctimes a les carreteres europees | Autopistas","robots":{"index":"index","follow":"follow","max-snippet":"max-snippet:-1","max-image-preview":"max-image-preview:large","max-video-preview":"max-video-preview:-1"},"canonical":"https:\/\/www.autopistas.com\/ca\/dia-sense-victimes-a-les-carreteres-europees\/","og_locale":"ca_ES","og_type":"article","og_title":"Dia sense v\u00edctimes a les carreteres europees","og_description":"[vc_row][vc_column][vc_column_text]El meu comprom\u00eds amb la seguretat vi\u00e0ria Jo prometo que: \u00a0Recordar\u00e9 a la meva fam\u00edlia, amics i companys que extremin l&#8217;atenci\u00f3 a les carreteres. \u00a0Encendr\u00e9 els meus llums per seguretat. \u00a0Conduir\u00e9 tan prudentment com em sigui possible i respectar\u00e9 les normes de Seguretat Vi\u00e0ria quan em trobi al volant, i quan circuli en una motocicleta ...","og_url":"https:\/\/www.autopistas.com\/ca\/dia-sense-victimes-a-les-carreteres-europees\/","og_site_name":"Autopistas","article_published_time":"2017-09-21T15:35:33+00:00","article_modified_time":"2017-12-14T10:45:07+00:00","og_image":[{"width":286,"height":320,"url":"https:\/\/www.autopistas.com\/wp-content\/uploads\/2017\/12\/edward_page_logo.jpg","type":"image\/jpeg"}],"author":"user","twitter_card":"summary_large_image","twitter_creator":"@Javier","twitter_misc":{"Escrit per":"user","Temps estimat de lectura":"2 minuts"},"schema":{"@context":"https:\/\/schema.org","@graph":[{"@type":"WebPage","@id":"https:\/\/www.autopistas.com\/ca\/dia-sense-victimes-a-les-carreteres-europees\/","url":"https:\/\/www.autopistas.com\/ca\/dia-sense-victimes-a-les-carreteres-europees\/","name":"Dia sense v\u00edctimes a les carreteres europees | Autopistas","isPartOf":{"@id":"https:\/\/www.autopistas.com\/ca\/#website"},"datePublished":"2017-09-21T15:35:33+00:00","dateModified":"2017-12-14T10:45:07+00:00","author":{"@id":"https:\/\/www.autopistas.com\/ca\/#\/schema\/person\/b6248b63732e128acf9c7b0093816e08"},"breadcrumb":{"@id":"https:\/\/www.autopistas.com\/ca\/dia-sense-victimes-a-les-carreteres-europees\/#breadcrumb"},"inLanguage":"ca","potentialAction":[{"@type":"ReadAction","target":["https:\/\/www.autopistas.com\/ca\/dia-sense-victimes-a-les-carreteres-europees\/"]}]},{"@type":"BreadcrumbList","@id":"https:\/\/www.autopistas.com\/ca\/dia-sense-victimes-a-les-carreteres-europees\/#breadcrumb","itemListElement":[{"@type":"ListItem","position":1,"name":"Portada","item":"https:\/\/www.autopistas.com\/ca\/"},{"@type":"ListItem","position":2,"name":"Dia sense v\u00edctimes a les carreteres europees"}]},{"@type":"WebSite","@id":"https:\/\/www.autopistas.com\/ca\/#website","url":"https:\/\/www.autopistas.com\/ca\/","name":"Autopistas","description":"Autopistas, Contigo Hasta Donde Quieras Llegar","potentialAction":[{"@type":"SearchAction","target":{"@type":"EntryPoint","urlTemplate":"https:\/\/www.autopistas.com\/ca\/?s={search_term_string}"},"query-input":"required name=search_term_string"}],"inLanguage":"ca"},{"@type":"Person","@id":"https:\/\/www.autopistas.com\/ca\/#\/schema\/person\/b6248b63732e128acf9c7b0093816e08","name":"user","image":{"@type":"ImageObject","inLanguage":"ca","@id":"https:\/\/www.autopistas.com\/ca\/#\/schema\/person\/image\/","url":"https:\/\/secure.gravatar.com\/avatar\/18532797449e7608459f421d3cda81b1?s=96&d=mm&r=g","contentUrl":"https:\/\/secure.gravatar.com\/avatar\/18532797449e7608459f421d3cda81b1?s=96&d=mm&r=g","caption":"user"},"sameAs":["https:\/\/twitter.com\/Javier"]}]}},"_links":{"self":[{"href":"https:\/\/www.autopistas.com\/ca\/wp-json\/wp\/v2\/posts\/26736"}],"collection":[{"href":"https:\/\/www.autopistas.com\/ca\/wp-json\/wp\/v2\/posts"}],"about":[{"href":"https:\/\/www.autopistas.com\/ca\/wp-json\/wp\/v2\/types\/post"}],"author":[{"embeddable":true,"href":"https:\/\/www.autopistas.com\/ca\/wp-json\/wp\/v2\/users\/1"}],"replies":[{"embeddable":true,"href":"https:\/\/www.autopistas.com\/ca\/wp-json\/wp\/v2\/comments?post=26736"}],"version-history":[{"count":8,"href":"https:\/\/www.autopistas.com\/ca\/wp-json\/wp\/v2\/posts\/26736\/revisions"}],"predecessor-version":[{"id":26807,"href":"https:\/\/www.autopistas.com\/ca\/wp-json\/wp\/v2\/posts\/26736\/revisions\/26807"}],"wp:featuredmedia":[{"embeddable":true,"href":"https:\/\/www.autopistas.com\/ca\/wp-json\/wp\/v2\/media\/26732"}],"wp:attachment":[{"href":"https:\/\/www.autopistas.com\/ca\/wp-json\/wp\/v2\/media?parent=26736"}],"wp:term":[{"taxonomy":"category","embeddable":true,"href":"https:\/\/www.autopistas.com\/ca\/wp-json\/wp\/v2\/categories?post=26736"},{"taxonomy":"post_tag","embeddable":true,"href":"https:\/\/www.autopistas.com\/ca\/wp-json\/wp\/v2\/tags?post=26736"}],"curies":[{"name":"wp","href":"https:\/\/api.w.org\/{rel}","templated":true}]}}